{"id":2086,"date":"2020-08-12T14:34:35","date_gmt":"2020-08-12T14:34:35","guid":{"rendered":"https:\/\/holzprof.ee\/?p=2086"},"modified":"2020-08-12T14:34:35","modified_gmt":"2020-08-12T14:34:35","slug":"koik-eramajade-rekonstrueerimisest-tartu-sisuturundusajakiri","status":"publish","type":"post","link":"https:\/\/holzprof.ee\/et\/uudised\/koik-eramajade-rekonstrueerimisest-tartu-sisuturundusajakiri\/","title":{"rendered":"&#8220;K\u00d5IK Eramajade  rekonstrueerimisest&#8221; TARTU sisuturundusajakiri"},"content":{"rendered":"<figure id=\"attachment_2088\" aria-describedby=\"caption-attachment-2088\" style=\"width: 229px\" class=\"wp-caption alignright\"><a href=\"https:\/\/holzprof.ee\/wp-content\/uploads\/eramajade-rekonstrueerimisest.jpg\" target=\"_blank\" rel=\"noopener noreferrer\"><img loading=\"lazy\" decoding=\"async\" src=\"https:\/\/holzprof.ee\/wp-content\/uploads\/eramajade-rekonstrueerimisest-229x300.jpg\" alt=\"TARTU sisuturundusajakiri\" width=\"229\" height=\"300\" class=\"size-medium wp-image-2088\" srcset=\"https:\/\/holzprof.ee\/wp-content\/uploads\/eramajade-rekonstrueerimisest-229x300.jpg 229w, https:\/\/holzprof.ee\/wp-content\/uploads\/eramajade-rekonstrueerimisest-782x1024.jpg 782w, https:\/\/holzprof.ee\/wp-content\/uploads\/eramajade-rekonstrueerimisest-768x1006.jpg 768w, https:\/\/holzprof.ee\/wp-content\/uploads\/eramajade-rekonstrueerimisest.jpg 916w\" sizes=\"auto, (max-width: 229px) 100vw, 229px\" \/><\/a><figcaption id=\"caption-attachment-2088\" class=\"wp-caption-text\">Artikli originaal<\/figcaption><\/figure>\n<p><strong>Puitu on meie aedades enamasti palju. Piirdeaiad, terrassid, m\u00f6\u00f6bel, grillimajad ja paviljonid, aga ka m\u00e4nguv\u00e4ljakud, liivakastid, lillekonteinerid jpm. Kuidas anda neile pikaks ajaks hoolitsetud v\u00e4limus? Saladus peitub \u00f5ige puidukaitsevahendi kasutamises.<\/strong><\/p>\n<p>O\u00dc Holz Prof pakub t\u00f5husaid ja keskkonnas\u00e4\u00e4stlikke vahendeid puidu kaitsmiseks, t\u00f6\u00f6tlemiseks ja viimistlemiseks. Rahvusvahelisi auhindu p\u00e4lvinud ja patenditud erikoostisega tooted ei ole kantserogeensed. Nad ei sisalda lenduvaid aineid, raskemetalle ega kloori ning samu tooteid saab kasutada siseruumides ja v\u00e4litingimustes.<\/p>\n<p><strong>Et v\u00e4rv piirdeaialt ei kooruks<\/strong><br \/>\nPuit on elus materjal ja niiskuskindlad mittehingavad v\u00e4rvid, millega puitlippe vahel v\u00e4rvitakse, ei imbu puidu sisse, vaid tekitavad selle peale kilekihi. Puit v\u00e4rvi all aga hingab ja liigub keskkonna m\u00f5jude j\u00e4rgi ning mingi aja p\u00e4rast l\u00e4heb v\u00e4rvikiht lihtsalt katki ja hakkab kooruma.<\/p>\n<p>P\u00fcsiva tulemuse saavutamiseks v\u00f5ib osta immutatud aialipid v\u00f5i enne v\u00e4rvimist puitu \u00f5igete vahenditega immutada. Holz Bio puidukaitsevahend imendub paari millimeetri ulatuses puidu<br \/>\nsisse, tekitades t\u00e4ieliku kaitse v\u00e4lism\u00f5jude eest, ent j\u00e4\u00e4des siiski hingavaks. Kui selle peale kanda veel spetsiaalne hingav puiduv\u00e4rv, on tulemus igati vastupidav ja kestev.<\/p>\n<p><strong>Terrass ja grillimaja vajavad ka tulekaitset<\/strong><br \/>\nTerrassi renoveerides sobib samuti kasutada Holz Bio kaitsevahendit, et tagada edaspidi pikaaegne kestus. Samas on nii terrassi kui ka grillimaja puhul oluline tulekaitse. Holz Profi tulekaitsevahend puidule annab 100% tulekaitse v\u00e4iksemagi ohu korral, sest t\u00f5kestab s\u00e4deme kohe, kui see peaks puidu pinnale sattuma. Tootele on antud puitkonstruktsioonide B-s1, d0 k\u00f5rgeim Euroopa klassi tulekaitse sertifikaat.<\/p>\n<p>Isegi kui puit on ostetud juba immutatud kujul, oleks see m\u00f5istlik tulekaitsega \u00fcle katta, sest tuli ei j\u00e4ta teatavasti midagi alles. Parem ikka karta, kui kahetseda.<\/p>\n<p><strong>M\u00e4nguv\u00e4ljakud, taimekonteinerid ja kasvuhoone vajavad m\u00fcrgivaba hooldust<\/strong><br \/>\nKeskkonnas\u00e4\u00e4stlikkus on Holz Profi kreedo. Toodete nimistu on v\u00e4ike, sest sama puidukaitsevahend sobib tegelikult kasutamiseks igal pool. Just m\u00e4nguv\u00e4ljakute, aga ka kasvuhoonete ja taimekonteinerite puhul on \u00fclioluline, et puidukaitsevahendid ei sisaldaks m\u00fcrke ega kemikaale, mis v\u00f5ivad hiljem kogemata laste ja koduloomade organismi sattuda v\u00f5i taimedele kahjulikult m\u00f5juda.<\/p>\n<p><strong>Kui on plaanis renoveerida<\/strong><br \/>\nKui l\u00e4heb renoveerimiseks, olgu tegu kasvuhoone, grillimaja, koerakuudi v\u00f5i muu puidust esemega, tuleks esmalt puhastada pinnad Holz Renovatoriga. See desinfitseerib, eemaldab hallituse ja rohelised laigud. Seej\u00e4rel kaetakse \u00fchtlustatud pinnad Holz Bio puidukaitsevahendiga ja tulemus on sama hea kui uus. Soovi korral v\u00f5ib hiljem kanda peale ka hingava puiduv\u00e4rvi. Kui aluskiht<br \/>\non korralikult kaitstud, p\u00fcsib v\u00e4rv aastaid \u2013 ei mingit v\u00e4rvi koorumist ega puidu m\u00e4danemist!<\/p>\n","protected":false},"excerpt":{"rendered":"<p>Puitu on meie aedades enamasti palju. Piirdeaiad, terrassid, m\u00f6\u00f6bel, grillimajad ja paviljonid, aga ka m\u00e4nguv\u00e4ljakud, liivakastid, lillekonteinerid jpm. Kuidas anda neile pikaks ajaks hoolitsetud v\u00e4limus? Saladus peitub \u00f5ige puidukaitsevahendi kasutamises. O\u00dc Holz Prof pakub t\u00f5husaid ja keskkonnas\u00e4\u00e4stlikke vahendeid puidu kaitsmiseks, t\u00f6\u00f6tlemiseks ja viimistlemiseks. Rahvusvahelisi auhindu p\u00e4lvinud ja patenditud erikoostisega tooted ei ole kantserogeensed. Nad ei [&hellip;]<\/p>\n","protected":false},"author":1,"featured_media":2095,"comment_status":"open","ping_status":"open","sticky":false,"template":"","format":"standard","meta":{"footnotes":""},"categories":[14],"tags":[],"class_list":["post-2086","post","type-post","status-publish","format-standard","has-post-thumbnail","hentry","category-uudised"],"yoast_head":"<!-- This site is optimized with the Yoast SEO plugin v27.3 - https:\/\/yoast.com\/product\/yoast-seo-wordpress\/ -->\n<title>&quot;K\u00d5IK Eramajade rekonstrueerimisest&quot; TARTU sisuturundusajakiri<\/title>\n<meta name=\"description\" content=\"Puitu on meie aedades enamasti palju. Piirdeaiad, terrassid, m\u00f6\u00f6bel, grillimajad ja paviljonid, aga ka m\u00e4nguv\u00e4ljakud, liivakastid, lillekonteinerid jpm.\" \/>\n<meta name=\"robots\" content=\"index, follow, max-snippet:-1, max-image-preview:large, max-video-preview:-1\" \/>\n<link rel=\"canonical\" href=\"https:\/\/holzprof.ee\/et\/uudised\/koik-eramajade-rekonstrueerimisest-tartu-sisuturundusajakiri\/\" \/>\n<meta property=\"og:locale\" content=\"et_EE\" \/>\n<meta property=\"og:type\" content=\"article\" \/>\n<meta property=\"og:title\" content=\"&quot;K\u00d5IK Eramajade rekonstrueerimisest&quot; TARTU sisuturundusajakiri\" \/>\n<meta property=\"og:description\" content=\"Puitu on meie aedades enamasti palju. Piirdeaiad, terrassid, m\u00f6\u00f6bel, grillimajad ja paviljonid, aga ka m\u00e4nguv\u00e4ljakud, liivakastid, lillekonteinerid jpm.\" \/>\n<meta property=\"og:url\" content=\"https:\/\/holzprof.ee\/et\/uudised\/koik-eramajade-rekonstrueerimisest-tartu-sisuturundusajakiri\/\" \/>\n<meta property=\"og:site_name\" content=\"Holz Prof O\u00dc\" \/>\n<meta property=\"article:publisher\" content=\"http:\/\/www.facebook.com\/holzprof.ee\" \/>\n<meta property=\"article:published_time\" content=\"2020-08-12T14:34:35+00:00\" \/>\n<meta property=\"og:image\" content=\"https:\/\/holzprof.ee\/wp-content\/uploads\/koik-eramajade-rekonstrueerimisest-tartu-sisuturundusajakiri.jpg\" \/>\n\t<meta property=\"og:image:width\" content=\"883\" \/>\n\t<meta property=\"og:image:height\" content=\"924\" \/>\n\t<meta property=\"og:image:type\" content=\"image\/jpeg\" \/>\n<meta name=\"author\" content=\"admin\" \/>\n<meta name=\"twitter:label1\" content=\"Written by\" \/>\n\t<meta name=\"twitter:data1\" content=\"admin\" \/>\n\t<meta name=\"twitter:label2\" content=\"Est. reading time\" \/>\n\t<meta name=\"twitter:data2\" content=\"2 minutit\" \/>\n<script type=\"application\/ld+json\" class=\"yoast-schema-graph\">{\"@context\":\"https:\\\/\\\/schema.org\",\"@graph\":[{\"@type\":\"Article\",\"@id\":\"https:\\\/\\\/holzprof.ee\\\/et\\\/uudised\\\/koik-eramajade-rekonstrueerimisest-tartu-sisuturundusajakiri\\\/#article\",\"isPartOf\":{\"@id\":\"https:\\\/\\\/holzprof.ee\\\/et\\\/uudised\\\/koik-eramajade-rekonstrueerimisest-tartu-sisuturundusajakiri\\\/\"},\"author\":{\"name\":\"admin\",\"@id\":\"https:\\\/\\\/holzprof.ee\\\/et\\\/#\\\/schema\\\/person\\\/172df38418d83a0d7516e9a1cd7ffab5\"},\"headline\":\"&#8220;K\u00d5IK Eramajade rekonstrueerimisest&#8221; TARTU sisuturundusajakiri\",\"datePublished\":\"2020-08-12T14:34:35+00:00\",\"mainEntityOfPage\":{\"@id\":\"https:\\\/\\\/holzprof.ee\\\/et\\\/uudised\\\/koik-eramajade-rekonstrueerimisest-tartu-sisuturundusajakiri\\\/\"},\"wordCount\":436,\"commentCount\":0,\"publisher\":{\"@id\":\"https:\\\/\\\/holzprof.ee\\\/et\\\/#organization\"},\"image\":{\"@id\":\"https:\\\/\\\/holzprof.ee\\\/et\\\/uudised\\\/koik-eramajade-rekonstrueerimisest-tartu-sisuturundusajakiri\\\/#primaryimage\"},\"thumbnailUrl\":\"https:\\\/\\\/holzprof.ee\\\/wp-content\\\/uploads\\\/koik-eramajade-rekonstrueerimisest-tartu-sisuturundusajakiri.jpg\",\"articleSection\":[\"Uudised\"],\"inLanguage\":\"et\",\"potentialAction\":[{\"@type\":\"CommentAction\",\"name\":\"Comment\",\"target\":[\"https:\\\/\\\/holzprof.ee\\\/et\\\/uudised\\\/koik-eramajade-rekonstrueerimisest-tartu-sisuturundusajakiri\\\/#respond\"]}]},{\"@type\":\"WebPage\",\"@id\":\"https:\\\/\\\/holzprof.ee\\\/et\\\/uudised\\\/koik-eramajade-rekonstrueerimisest-tartu-sisuturundusajakiri\\\/\",\"url\":\"https:\\\/\\\/holzprof.ee\\\/et\\\/uudised\\\/koik-eramajade-rekonstrueerimisest-tartu-sisuturundusajakiri\\\/\",\"name\":\"\\\"K\u00d5IK Eramajade rekonstrueerimisest\\\" TARTU sisuturundusajakiri\",\"isPartOf\":{\"@id\":\"https:\\\/\\\/holzprof.ee\\\/et\\\/#website\"},\"primaryImageOfPage\":{\"@id\":\"https:\\\/\\\/holzprof.ee\\\/et\\\/uudised\\\/koik-eramajade-rekonstrueerimisest-tartu-sisuturundusajakiri\\\/#primaryimage\"},\"image\":{\"@id\":\"https:\\\/\\\/holzprof.ee\\\/et\\\/uudised\\\/koik-eramajade-rekonstrueerimisest-tartu-sisuturundusajakiri\\\/#primaryimage\"},\"thumbnailUrl\":\"https:\\\/\\\/holzprof.ee\\\/wp-content\\\/uploads\\\/koik-eramajade-rekonstrueerimisest-tartu-sisuturundusajakiri.jpg\",\"datePublished\":\"2020-08-12T14:34:35+00:00\",\"description\":\"Puitu on meie aedades enamasti palju. Piirdeaiad, terrassid, m\u00f6\u00f6bel, grillimajad ja paviljonid, aga ka m\u00e4nguv\u00e4ljakud, liivakastid, lillekonteinerid jpm.\",\"breadcrumb\":{\"@id\":\"https:\\\/\\\/holzprof.ee\\\/et\\\/uudised\\\/koik-eramajade-rekonstrueerimisest-tartu-sisuturundusajakiri\\\/#breadcrumb\"},\"inLanguage\":\"et\",\"potentialAction\":[{\"@type\":\"ReadAction\",\"target\":[\"https:\\\/\\\/holzprof.ee\\\/et\\\/uudised\\\/koik-eramajade-rekonstrueerimisest-tartu-sisuturundusajakiri\\\/\"]}]},{\"@type\":\"ImageObject\",\"inLanguage\":\"et\",\"@id\":\"https:\\\/\\\/holzprof.ee\\\/et\\\/uudised\\\/koik-eramajade-rekonstrueerimisest-tartu-sisuturundusajakiri\\\/#primaryimage\",\"url\":\"https:\\\/\\\/holzprof.ee\\\/wp-content\\\/uploads\\\/koik-eramajade-rekonstrueerimisest-tartu-sisuturundusajakiri.jpg\",\"contentUrl\":\"https:\\\/\\\/holzprof.ee\\\/wp-content\\\/uploads\\\/koik-eramajade-rekonstrueerimisest-tartu-sisuturundusajakiri.jpg\",\"width\":883,\"height\":924,\"caption\":\"\\\"K\u00d5IK Eramajade rekonstrueerimisest\\\" TARTU sisuturundusajakiri\"},{\"@type\":\"BreadcrumbList\",\"@id\":\"https:\\\/\\\/holzprof.ee\\\/et\\\/uudised\\\/koik-eramajade-rekonstrueerimisest-tartu-sisuturundusajakiri\\\/#breadcrumb\",\"itemListElement\":[{\"@type\":\"ListItem\",\"position\":1,\"name\":\"Home\",\"item\":\"https:\\\/\\\/holzprof.ee\\\/et\\\/\"},{\"@type\":\"ListItem\",\"position\":2,\"name\":\"&#8220;K\u00d5IK Eramajade rekonstrueerimisest&#8221; TARTU sisuturundusajakiri\"}]},{\"@type\":\"WebSite\",\"@id\":\"https:\\\/\\\/holzprof.ee\\\/et\\\/#website\",\"url\":\"https:\\\/\\\/holzprof.ee\\\/et\\\/\",\"name\":\"Holz Prof O\u00dc\",\"description\":\"\",\"publisher\":{\"@id\":\"https:\\\/\\\/holzprof.ee\\\/et\\\/#organization\"},\"potentialAction\":[{\"@type\":\"SearchAction\",\"target\":{\"@type\":\"EntryPoint\",\"urlTemplate\":\"https:\\\/\\\/holzprof.ee\\\/et\\\/?s={search_term_string}\"},\"query-input\":{\"@type\":\"PropertyValueSpecification\",\"valueRequired\":true,\"valueName\":\"search_term_string\"}}],\"inLanguage\":\"et\"},{\"@type\":\"Organization\",\"@id\":\"https:\\\/\\\/holzprof.ee\\\/et\\\/#organization\",\"name\":\"Holz Prof O\u00dc\",\"url\":\"https:\\\/\\\/holzprof.ee\\\/et\\\/\",\"logo\":{\"@type\":\"ImageObject\",\"inLanguage\":\"et\",\"@id\":\"https:\\\/\\\/holzprof.ee\\\/et\\\/#\\\/schema\\\/logo\\\/image\\\/\",\"url\":\"https:\\\/\\\/holzprof.ee\\\/wp-content\\\/uploads\\\/holzprof.svg\",\"contentUrl\":\"https:\\\/\\\/holzprof.ee\\\/wp-content\\\/uploads\\\/holzprof.svg\",\"width\":1,\"height\":1,\"caption\":\"Holz Prof O\u00dc\"},\"image\":{\"@id\":\"https:\\\/\\\/holzprof.ee\\\/et\\\/#\\\/schema\\\/logo\\\/image\\\/\"},\"sameAs\":[\"http:\\\/\\\/www.facebook.com\\\/holzprof.ee\",\"https:\\\/\\\/x.com\\\/Holzprof\",\"http:\\\/\\\/www.instagram.com\\\/holzprof.ee\\\/\",\"http:\\\/\\\/www.pinterest.com\\\/holzprof\\\/\",\"http:\\\/\\\/www.youtube.com\\\/channel\\\/UC_ZF2B6Qho67io31S7-P_9w\"]},{\"@type\":\"Person\",\"@id\":\"https:\\\/\\\/holzprof.ee\\\/et\\\/#\\\/schema\\\/person\\\/172df38418d83a0d7516e9a1cd7ffab5\",\"name\":\"admin\",\"image\":{\"@type\":\"ImageObject\",\"inLanguage\":\"et\",\"@id\":\"https:\\\/\\\/secure.gravatar.com\\\/avatar\\\/d76c7a07d8f02578699af338af90439ae4f84fd23b2f0a73b1f3ab18ab5b6068?s=96&d=mm&r=g\",\"url\":\"https:\\\/\\\/secure.gravatar.com\\\/avatar\\\/d76c7a07d8f02578699af338af90439ae4f84fd23b2f0a73b1f3ab18ab5b6068?s=96&d=mm&r=g\",\"contentUrl\":\"https:\\\/\\\/secure.gravatar.com\\\/avatar\\\/d76c7a07d8f02578699af338af90439ae4f84fd23b2f0a73b1f3ab18ab5b6068?s=96&d=mm&r=g\",\"caption\":\"admin\"}}]}<\/script>\n<!-- \/ Yoast SEO plugin. -->","yoast_head_json":{"title":"\"K\u00d5IK Eramajade rekonstrueerimisest\" TARTU sisuturundusajakiri","description":"Puitu on meie aedades enamasti palju. Piirdeaiad, terrassid, m\u00f6\u00f6bel, grillimajad ja paviljonid, aga ka m\u00e4nguv\u00e4ljakud, liivakastid, lillekonteinerid jpm.","robots":{"index":"index","follow":"follow","max-snippet":"max-snippet:-1","max-image-preview":"max-image-preview:large","max-video-preview":"max-video-preview:-1"},"canonical":"https:\/\/holzprof.ee\/et\/uudised\/koik-eramajade-rekonstrueerimisest-tartu-sisuturundusajakiri\/","og_locale":"et_EE","og_type":"article","og_title":"\"K\u00d5IK Eramajade rekonstrueerimisest\" TARTU sisuturundusajakiri","og_description":"Puitu on meie aedades enamasti palju. Piirdeaiad, terrassid, m\u00f6\u00f6bel, grillimajad ja paviljonid, aga ka m\u00e4nguv\u00e4ljakud, liivakastid, lillekonteinerid jpm.","og_url":"https:\/\/holzprof.ee\/et\/uudised\/koik-eramajade-rekonstrueerimisest-tartu-sisuturundusajakiri\/","og_site_name":"Holz Prof O\u00dc","article_publisher":"http:\/\/www.facebook.com\/holzprof.ee","article_published_time":"2020-08-12T14:34:35+00:00","og_image":[{"width":883,"height":924,"url":"https:\/\/holzprof.ee\/wp-content\/uploads\/koik-eramajade-rekonstrueerimisest-tartu-sisuturundusajakiri.jpg","type":"image\/jpeg"}],"author":"admin","twitter_misc":{"Written by":"admin","Est. reading time":"2 minutit"},"schema":{"@context":"https:\/\/schema.org","@graph":[{"@type":"Article","@id":"https:\/\/holzprof.ee\/et\/uudised\/koik-eramajade-rekonstrueerimisest-tartu-sisuturundusajakiri\/#article","isPartOf":{"@id":"https:\/\/holzprof.ee\/et\/uudised\/koik-eramajade-rekonstrueerimisest-tartu-sisuturundusajakiri\/"},"author":{"name":"admin","@id":"https:\/\/holzprof.ee\/et\/#\/schema\/person\/172df38418d83a0d7516e9a1cd7ffab5"},"headline":"&#8220;K\u00d5IK Eramajade rekonstrueerimisest&#8221; TARTU sisuturundusajakiri","datePublished":"2020-08-12T14:34:35+00:00","mainEntityOfPage":{"@id":"https:\/\/holzprof.ee\/et\/uudised\/koik-eramajade-rekonstrueerimisest-tartu-sisuturundusajakiri\/"},"wordCount":436,"commentCount":0,"publisher":{"@id":"https:\/\/holzprof.ee\/et\/#organization"},"image":{"@id":"https:\/\/holzprof.ee\/et\/uudised\/koik-eramajade-rekonstrueerimisest-tartu-sisuturundusajakiri\/#primaryimage"},"thumbnailUrl":"https:\/\/holzprof.ee\/wp-content\/uploads\/koik-eramajade-rekonstrueerimisest-tartu-sisuturundusajakiri.jpg","articleSection":["Uudised"],"inLanguage":"et","potentialAction":[{"@type":"CommentAction","name":"Comment","target":["https:\/\/holzprof.ee\/et\/uudised\/koik-eramajade-rekonstrueerimisest-tartu-sisuturundusajakiri\/#respond"]}]},{"@type":"WebPage","@id":"https:\/\/holzprof.ee\/et\/uudised\/koik-eramajade-rekonstrueerimisest-tartu-sisuturundusajakiri\/","url":"https:\/\/holzprof.ee\/et\/uudised\/koik-eramajade-rekonstrueerimisest-tartu-sisuturundusajakiri\/","name":"\"K\u00d5IK Eramajade rekonstrueerimisest\" TARTU sisuturundusajakiri","isPartOf":{"@id":"https:\/\/holzprof.ee\/et\/#website"},"primaryImageOfPage":{"@id":"https:\/\/holzprof.ee\/et\/uudised\/koik-eramajade-rekonstrueerimisest-tartu-sisuturundusajakiri\/#primaryimage"},"image":{"@id":"https:\/\/holzprof.ee\/et\/uudised\/koik-eramajade-rekonstrueerimisest-tartu-sisuturundusajakiri\/#primaryimage"},"thumbnailUrl":"https:\/\/holzprof.ee\/wp-content\/uploads\/koik-eramajade-rekonstrueerimisest-tartu-sisuturundusajakiri.jpg","datePublished":"2020-08-12T14:34:35+00:00","description":"Puitu on meie aedades enamasti palju. Piirdeaiad, terrassid, m\u00f6\u00f6bel, grillimajad ja paviljonid, aga ka m\u00e4nguv\u00e4ljakud, liivakastid, lillekonteinerid jpm.","breadcrumb":{"@id":"https:\/\/holzprof.ee\/et\/uudised\/koik-eramajade-rekonstrueerimisest-tartu-sisuturundusajakiri\/#breadcrumb"},"inLanguage":"et","potentialAction":[{"@type":"ReadAction","target":["https:\/\/holzprof.ee\/et\/uudised\/koik-eramajade-rekonstrueerimisest-tartu-sisuturundusajakiri\/"]}]},{"@type":"ImageObject","inLanguage":"et","@id":"https:\/\/holzprof.ee\/et\/uudised\/koik-eramajade-rekonstrueerimisest-tartu-sisuturundusajakiri\/#primaryimage","url":"https:\/\/holzprof.ee\/wp-content\/uploads\/koik-eramajade-rekonstrueerimisest-tartu-sisuturundusajakiri.jpg","contentUrl":"https:\/\/holzprof.ee\/wp-content\/uploads\/koik-eramajade-rekonstrueerimisest-tartu-sisuturundusajakiri.jpg","width":883,"height":924,"caption":"\"K\u00d5IK Eramajade rekonstrueerimisest\" TARTU sisuturundusajakiri"},{"@type":"BreadcrumbList","@id":"https:\/\/holzprof.ee\/et\/uudised\/koik-eramajade-rekonstrueerimisest-tartu-sisuturundusajakiri\/#breadcrumb","itemListElement":[{"@type":"ListItem","position":1,"name":"Home","item":"https:\/\/holzprof.ee\/et\/"},{"@type":"ListItem","position":2,"name":"&#8220;K\u00d5IK Eramajade rekonstrueerimisest&#8221; TARTU sisuturundusajakiri"}]},{"@type":"WebSite","@id":"https:\/\/holzprof.ee\/et\/#website","url":"https:\/\/holzprof.ee\/et\/","name":"Holz Prof O\u00dc","description":"","publisher":{"@id":"https:\/\/holzprof.ee\/et\/#organization"},"potentialAction":[{"@type":"SearchAction","target":{"@type":"EntryPoint","urlTemplate":"https:\/\/holzprof.ee\/et\/?s={search_term_string}"},"query-input":{"@type":"PropertyValueSpecification","valueRequired":true,"valueName":"search_term_string"}}],"inLanguage":"et"},{"@type":"Organization","@id":"https:\/\/holzprof.ee\/et\/#organization","name":"Holz Prof O\u00dc","url":"https:\/\/holzprof.ee\/et\/","logo":{"@type":"ImageObject","inLanguage":"et","@id":"https:\/\/holzprof.ee\/et\/#\/schema\/logo\/image\/","url":"https:\/\/holzprof.ee\/wp-content\/uploads\/holzprof.svg","contentUrl":"https:\/\/holzprof.ee\/wp-content\/uploads\/holzprof.svg","width":1,"height":1,"caption":"Holz Prof O\u00dc"},"image":{"@id":"https:\/\/holzprof.ee\/et\/#\/schema\/logo\/image\/"},"sameAs":["http:\/\/www.facebook.com\/holzprof.ee","https:\/\/x.com\/Holzprof","http:\/\/www.instagram.com\/holzprof.ee\/","http:\/\/www.pinterest.com\/holzprof\/","http:\/\/www.youtube.com\/channel\/UC_ZF2B6Qho67io31S7-P_9w"]},{"@type":"Person","@id":"https:\/\/holzprof.ee\/et\/#\/schema\/person\/172df38418d83a0d7516e9a1cd7ffab5","name":"admin","image":{"@type":"ImageObject","inLanguage":"et","@id":"https:\/\/secure.gravatar.com\/avatar\/d76c7a07d8f02578699af338af90439ae4f84fd23b2f0a73b1f3ab18ab5b6068?s=96&d=mm&r=g","url":"https:\/\/secure.gravatar.com\/avatar\/d76c7a07d8f02578699af338af90439ae4f84fd23b2f0a73b1f3ab18ab5b6068?s=96&d=mm&r=g","contentUrl":"https:\/\/secure.gravatar.com\/avatar\/d76c7a07d8f02578699af338af90439ae4f84fd23b2f0a73b1f3ab18ab5b6068?s=96&d=mm&r=g","caption":"admin"}}]}},"_links":{"self":[{"href":"https:\/\/holzprof.ee\/et\/wp-json\/wp\/v2\/posts\/2086","targetHints":{"allow":["GET"]}}],"collection":[{"href":"https:\/\/holzprof.ee\/et\/wp-json\/wp\/v2\/posts"}],"about":[{"href":"https:\/\/holzprof.ee\/et\/wp-json\/wp\/v2\/types\/post"}],"author":[{"embeddable":true,"href":"https:\/\/holzprof.ee\/et\/wp-json\/wp\/v2\/users\/1"}],"replies":[{"embeddable":true,"href":"https:\/\/holzprof.ee\/et\/wp-json\/wp\/v2\/comments?post=2086"}],"version-history":[{"count":3,"href":"https:\/\/holzprof.ee\/et\/wp-json\/wp\/v2\/posts\/2086\/revisions"}],"predecessor-version":[{"id":2094,"href":"https:\/\/holzprof.ee\/et\/wp-json\/wp\/v2\/posts\/2086\/revisions\/2094"}],"wp:featuredmedia":[{"embeddable":true,"href":"https:\/\/holzprof.ee\/et\/wp-json\/wp\/v2\/media\/2095"}],"wp:attachment":[{"href":"https:\/\/holzprof.ee\/et\/wp-json\/wp\/v2\/media?parent=2086"}],"wp:term":[{"taxonomy":"category","embeddable":true,"href":"https:\/\/holzprof.ee\/et\/wp-json\/wp\/v2\/categories?post=2086"},{"taxonomy":"post_tag","embeddable":true,"href":"https:\/\/holzprof.ee\/et\/wp-json\/wp\/v2\/tags?post=2086"}],"curies":[{"name":"wp","href":"https:\/\/api.w.org\/{rel}","templated":true}]}}