{"id":2200,"date":"2024-04-08T11:11:44","date_gmt":"2024-04-08T11:11:44","guid":{"rendered":"https:\/\/holzprof.ee\/?p=2200"},"modified":"2024-04-08T11:13:37","modified_gmt":"2024-04-08T11:13:37","slug":"pintsel-pihku-varskenda-terrassi-aiamooblit-ja-muid-puitehitisi","status":"publish","type":"post","link":"https:\/\/holzprof.ee\/et\/uudised\/pintsel-pihku-varskenda-terrassi-aiamooblit-ja-muid-puitehitisi\/","title":{"rendered":"Pintsel pihku! V\u00e4rskenda terrassi, aiam\u00f6\u00f6blit ja muid puitehitisi"},"content":{"rendered":"<p><strong>Eelista keskkonnas\u00f5bralikke puidukaitsevahendeid Holz Prof O\u00dc-lt.<\/strong><\/p>\n<p>Kui soovid s\u00e4ilitada puidust terrassi v\u00f5i ajam\u00f6\u00f6bli ilu ja funktsionaalsuse, on vaja neid hooldada ja kaitsta. Just siin tulevad m\u00e4ngu innovatiivsed keskkonnas\u00f5bralikud puidukaitsevahendid<strong>.<\/strong><\/p>\n<p><a href=\"https:\/\/holzprof.ee\/et\/\">Holz Prof O\u00dc<\/a>\u00a0pakub juba 20 aastat t\u00f5husaid ja keskkonnas\u00e4\u00e4stlikke vahendeid puidu kaitsmiseks, t\u00f6\u00f6tlemiseks ja viimistlemiseks. Tegemist on testitud ja heaks kiidetud rahvusvahelisel tasandil patenteeritud erikoostisega toodetega. Need ei ole kantserogeensed, ei sisalda lenduvaid aineid, raskemetalle ega kloori ning mis on eratarbijale eriti meeldiv &#8211; samu tooteid saab lisaks v\u00e4litingimustele kasutada ka siseruumides.<\/p>\n<p>Puitehitise puhul on t\u00e4htis tagada hoone tulekaitse.\u00a0<a href=\"https:\/\/holzprof.ee\/et\/holz-prof-eesti\/\">Holz Profi\u00a0<\/a>tulekaitsevahend annab puidule v\u00e4iksemagi s\u00fcttimisohu korral sajaprotsendilise tulekaitse, sest t\u00f5kestab s\u00e4deme kohe, kui see peaks puidu pinnale sattuma. Tulekindluse hea n\u00e4ide on juhtum, kui prooviti panna p\u00f5lema Tallinna lauluv\u00e4ljaku laulukaart, mis eba\u00f5nnestus.<\/p>\n<p>Holz Profi tulekaitsevahend on sertifitseeritud vastavalt Euroopa standarditele ja on heaks kiidetud nii Eesti kui ka teiste Euroopa riikide tulet\u00f5rje teenistustes. Tootel on puitkonstruktsioonide Euroopa k\u00f5rgema tulekaitse (klass B-s1,d0) sertifikaat.<\/p>\n<p>Holz Profi tulekaitsevahendi k\u00f5rge kvaliteet ja t\u00f5husus on leidnud kinnitust erinevate riikide t\u00e4htsate hoonete ehitamisel &#8211; n\u00e4iteks Eesti Maa\u00fclikooli spordihoone, Virtsu sadama hoone, Tallinna Loomaaia, Poola Amfiteater Opolise, Inglismaa Manchesteri koolimaja, Poola paviljoni EXPO 2020 Dubais.<\/p>\n<p>\u00dcks ettev\u00f5tte populaarsemaid tooteid on ka puidu pikaajaliseks kaitseks m\u00f5eldud\u00a0<a href=\"https:\/\/holzprof.ee\/et\/holz-bio-eesti\/\">Holz Bio<\/a>. Hallitusseened, majavamm ja puiduparasiidid &#8211; Holz Bio s\u00fcgavimbuv vahend kaitseb puitu k\u00f5igi nende kahjurite eest ning s\u00e4ilitab samal ajal puidu struktuuri ja loodusliku ilu. Holz Bio takistab puidu lagunemist ega lase kahjustustel levida. Toode ei kooru. M\u00e4nguv\u00e4ljakute, kasvuhoonete ja taimekonteinerite puhul on \u00fclit\u00e4htis, et kasutatavad puidukaitsevahendid oleksid m\u00fcrgivabad, toksilised ained ai tohi sattuda laste ja koduloomade organismi v\u00f5i taimede peale. Toote keskkonnaohutust kinnitavad katsed ning sellega on t\u00f6\u00f6deldud avalikus kasutuses puitkonstruktsioonide elemente, millel on kokkupuude inimeste v\u00f5i loomadega \u2013 n\u00e4iteks Tallinna loomaaed ja R\u00f5uge vaatetorn jne.<\/p>\n<p>Kui soovid puhastada \u00f5ues p\u00e4ikses ja sademetes tumenenud puitu, pakub Holz Prof O\u00dc selle kiireks ja ohutuks uuendamiseks vahendit\u00a0<a href=\"https:\/\/holzprof.ee\/et\/hp-renovator-eesti\/\">HP Renovator<\/a>.<\/p>\n<p>Vee baasil loodud l\u00f5hnatu puitpinna renoveerimisvahend puhastab saastunud pinnad ning taastab puidu loomuliku v\u00e4rvi. Vahend sobib igat liiki puidule, ka tiikpuidule ja mahagonile. Peamine eelis v\u00f5rreldes teiste puhastusvahenditega: HP Renovator ei sisalda kloori ja selle \u00fchendeid ning seet\u00f5ttu ei h\u00e4vita puidu pinda, hoopis suurendab selle tugevust ja kasutusiga.<\/p>\n<p>Holz Profi valikus on olemas universaalne kaitse\u00f5li\u00a0<a href=\"https:\/\/holzprof.ee\/et\/holz-oil-eesti\/\">Holz Oil<\/a>, mis sobib lisaks puidule ka kivile ja betoonile, ka n\u00e4iteks t\u00e4navakividele. See moodustab materjali pinnale kaitsekihi, mis kaitseb, silub ning muudab pinna vetth\u00fclgavaks, v\u00e4ltides puidul pragude teket.<\/p>\n<p>Lisaks puidu immutusvahenditele pakub Holz Prof ka teisi keskkonnas\u00f5bralikke lahendusi nagu metallpindu kaitsev roostemuundur\u00a0<a href=\"https:\/\/holzprof.ee\/et\/hp-anti-rust-eesti\/\">HP ANTI RUST<\/a>\u00a0ja puit-,kivi- ja betoonpindadelt hallituse eemaldaja\u00a0<a href=\"https:\/\/holzprof.ee\/et\/grunt-natur-eesti\/\">GRUNT NATUR<\/a>. K\u00f5ik need tooted on loodud m\u00f5eldes nii keskkonnale kui ka kasutajatele ning tagavad samas materjali pikaajalise kaitse ja vastupidavuse.8 pilti<\/p>\n<p>Kui majanduses valitseb ebakindlus, on tavap\u00e4rane, et inimesed muutuvad kokkuhoidlikumaks ning muudavad oma tarbimisharjumusi. Restaureerime ja hooldame rohkem oma kodusid ning kodu\u00fcmbrust. Eelistades erinevate pindade hooldamisel keskkonnas\u00f5bralikku ja m\u00fcrgivaba puidukaitsevahendit s\u00e4\u00e4stame loodust. Ka kui tulevikus Holz Profi ja Holz Bio vahendiga puitu t\u00f6\u00f6deldes tekivad j\u00e4\u00e4tmed, saab need purustada ja mult\u0161ina kasutada.<\/p>\n<p><strong>Vali keskkonnas\u00f5bralik tulevik koos Holz Prof O\u00dcga<\/strong><\/p>\n","protected":false},"excerpt":{"rendered":"<p>Eelista keskkonnas\u00f5bralikke puidukaitsevahendeid Holz Prof O\u00dc-lt. Kui soovid s\u00e4ilitada puidust terrassi v\u00f5i ajam\u00f6\u00f6bli ilu ja funktsionaalsuse, on vaja neid hooldada ja kaitsta. Just siin tulevad m\u00e4ngu innovatiivsed keskkonnas\u00f5bralikud puidukaitsevahendid. Holz Prof O\u00dc\u00a0pakub juba 20 aastat t\u00f5husaid ja keskkonnas\u00e4\u00e4stlikke vahendeid puidu kaitsmiseks, t\u00f6\u00f6tlemiseks ja viimistlemiseks. Tegemist on testitud ja heaks kiidetud rahvusvahelisel tasandil patenteeritud erikoostisega toodetega. [&hellip;]<\/p>\n","protected":false},"author":1,"featured_media":2201,"comment_status":"open","ping_status":"open","sticky":false,"template":"","format":"standard","meta":{"footnotes":""},"categories":[14],"tags":[],"class_list":["post-2200","post","type-post","status-publish","format-standard","has-post-thumbnail","hentry","category-uudised"],"yoast_head":"<!-- This site is optimized with the Yoast SEO plugin v27.3 - https:\/\/yoast.com\/product\/yoast-seo-wordpress\/ -->\n<title>Pintsel pihku! V\u00e4rskenda terrassi, aiam\u00f6\u00f6blit ja muid puitehitisi<\/title>\n<meta name=\"description\" content=\"Eelista keskkonnas\u00f5bralikke puidukaitsevahendeid Holz Prof O\u00dc-lt. Kui soovid s\u00e4ilitada puidust terrassi v\u00f5i ajam\u00f6\u00f6bli ilu ja funktsionaalsuse, on vaja\" \/>\n<meta name=\"robots\" content=\"index, follow, max-snippet:-1, max-image-preview:large, max-video-preview:-1\" \/>\n<link rel=\"canonical\" href=\"https:\/\/holzprof.ee\/et\/uudised\/pintsel-pihku-varskenda-terrassi-aiamooblit-ja-muid-puitehitisi\/\" \/>\n<meta property=\"og:locale\" content=\"et_EE\" \/>\n<meta property=\"og:type\" content=\"article\" \/>\n<meta property=\"og:title\" content=\"Pintsel pihku! V\u00e4rskenda terrassi, aiam\u00f6\u00f6blit ja muid puitehitisi\" \/>\n<meta property=\"og:description\" content=\"Eelista keskkonnas\u00f5bralikke puidukaitsevahendeid Holz Prof O\u00dc-lt. Kui soovid s\u00e4ilitada puidust terrassi v\u00f5i ajam\u00f6\u00f6bli ilu ja funktsionaalsuse, on vaja\" \/>\n<meta property=\"og:url\" content=\"https:\/\/holzprof.ee\/et\/uudised\/pintsel-pihku-varskenda-terrassi-aiamooblit-ja-muid-puitehitisi\/\" \/>\n<meta property=\"og:site_name\" content=\"Holz Prof O\u00dc\" \/>\n<meta property=\"article:publisher\" content=\"http:\/\/www.facebook.com\/holzprof.ee\" \/>\n<meta property=\"article:published_time\" content=\"2024-04-08T11:11:44+00:00\" \/>\n<meta property=\"article:modified_time\" content=\"2024-04-08T11:13:37+00:00\" \/>\n<meta property=\"og:image\" content=\"https:\/\/holzprof.ee\/wp-content\/uploads\/pintsel-pihku.jpg\" \/>\n\t<meta property=\"og:image:width\" content=\"1000\" \/>\n\t<meta property=\"og:image:height\" content=\"670\" \/>\n\t<meta property=\"og:image:type\" content=\"image\/jpeg\" \/>\n<meta name=\"author\" content=\"admin\" \/>\n<meta name=\"twitter:label1\" content=\"Written by\" \/>\n\t<meta name=\"twitter:data1\" content=\"admin\" \/>\n\t<meta name=\"twitter:label2\" content=\"Est. reading time\" \/>\n\t<meta name=\"twitter:data2\" content=\"3 minutit\" \/>\n<script type=\"application\/ld+json\" class=\"yoast-schema-graph\">{\"@context\":\"https:\\\/\\\/schema.org\",\"@graph\":[{\"@type\":\"Article\",\"@id\":\"https:\\\/\\\/holzprof.ee\\\/et\\\/uudised\\\/pintsel-pihku-varskenda-terrassi-aiamooblit-ja-muid-puitehitisi\\\/#article\",\"isPartOf\":{\"@id\":\"https:\\\/\\\/holzprof.ee\\\/et\\\/uudised\\\/pintsel-pihku-varskenda-terrassi-aiamooblit-ja-muid-puitehitisi\\\/\"},\"author\":{\"name\":\"admin\",\"@id\":\"https:\\\/\\\/holzprof.ee\\\/et\\\/#\\\/schema\\\/person\\\/172df38418d83a0d7516e9a1cd7ffab5\"},\"headline\":\"Pintsel pihku! V\u00e4rskenda terrassi, aiam\u00f6\u00f6blit ja muid puitehitisi\",\"datePublished\":\"2024-04-08T11:11:44+00:00\",\"dateModified\":\"2024-04-08T11:13:37+00:00\",\"mainEntityOfPage\":{\"@id\":\"https:\\\/\\\/holzprof.ee\\\/et\\\/uudised\\\/pintsel-pihku-varskenda-terrassi-aiamooblit-ja-muid-puitehitisi\\\/\"},\"wordCount\":569,\"commentCount\":0,\"publisher\":{\"@id\":\"https:\\\/\\\/holzprof.ee\\\/et\\\/#organization\"},\"image\":{\"@id\":\"https:\\\/\\\/holzprof.ee\\\/et\\\/uudised\\\/pintsel-pihku-varskenda-terrassi-aiamooblit-ja-muid-puitehitisi\\\/#primaryimage\"},\"thumbnailUrl\":\"https:\\\/\\\/holzprof.ee\\\/wp-content\\\/uploads\\\/pintsel-pihku.jpg\",\"articleSection\":[\"Uudised\"],\"inLanguage\":\"et\",\"potentialAction\":[{\"@type\":\"CommentAction\",\"name\":\"Comment\",\"target\":[\"https:\\\/\\\/holzprof.ee\\\/et\\\/uudised\\\/pintsel-pihku-varskenda-terrassi-aiamooblit-ja-muid-puitehitisi\\\/#respond\"]}]},{\"@type\":\"WebPage\",\"@id\":\"https:\\\/\\\/holzprof.ee\\\/et\\\/uudised\\\/pintsel-pihku-varskenda-terrassi-aiamooblit-ja-muid-puitehitisi\\\/\",\"url\":\"https:\\\/\\\/holzprof.ee\\\/et\\\/uudised\\\/pintsel-pihku-varskenda-terrassi-aiamooblit-ja-muid-puitehitisi\\\/\",\"name\":\"Pintsel pihku! V\u00e4rskenda terrassi, aiam\u00f6\u00f6blit ja muid puitehitisi\",\"isPartOf\":{\"@id\":\"https:\\\/\\\/holzprof.ee\\\/et\\\/#website\"},\"primaryImageOfPage\":{\"@id\":\"https:\\\/\\\/holzprof.ee\\\/et\\\/uudised\\\/pintsel-pihku-varskenda-terrassi-aiamooblit-ja-muid-puitehitisi\\\/#primaryimage\"},\"image\":{\"@id\":\"https:\\\/\\\/holzprof.ee\\\/et\\\/uudised\\\/pintsel-pihku-varskenda-terrassi-aiamooblit-ja-muid-puitehitisi\\\/#primaryimage\"},\"thumbnailUrl\":\"https:\\\/\\\/holzprof.ee\\\/wp-content\\\/uploads\\\/pintsel-pihku.jpg\",\"datePublished\":\"2024-04-08T11:11:44+00:00\",\"dateModified\":\"2024-04-08T11:13:37+00:00\",\"description\":\"Eelista keskkonnas\u00f5bralikke puidukaitsevahendeid Holz Prof O\u00dc-lt. Kui soovid s\u00e4ilitada puidust terrassi v\u00f5i ajam\u00f6\u00f6bli ilu ja funktsionaalsuse, on vaja\",\"breadcrumb\":{\"@id\":\"https:\\\/\\\/holzprof.ee\\\/et\\\/uudised\\\/pintsel-pihku-varskenda-terrassi-aiamooblit-ja-muid-puitehitisi\\\/#breadcrumb\"},\"inLanguage\":\"et\",\"potentialAction\":[{\"@type\":\"ReadAction\",\"target\":[\"https:\\\/\\\/holzprof.ee\\\/et\\\/uudised\\\/pintsel-pihku-varskenda-terrassi-aiamooblit-ja-muid-puitehitisi\\\/\"]}]},{\"@type\":\"ImageObject\",\"inLanguage\":\"et\",\"@id\":\"https:\\\/\\\/holzprof.ee\\\/et\\\/uudised\\\/pintsel-pihku-varskenda-terrassi-aiamooblit-ja-muid-puitehitisi\\\/#primaryimage\",\"url\":\"https:\\\/\\\/holzprof.ee\\\/wp-content\\\/uploads\\\/pintsel-pihku.jpg\",\"contentUrl\":\"https:\\\/\\\/holzprof.ee\\\/wp-content\\\/uploads\\\/pintsel-pihku.jpg\",\"width\":1000,\"height\":670,\"caption\":\"Pintsel pihku\"},{\"@type\":\"BreadcrumbList\",\"@id\":\"https:\\\/\\\/holzprof.ee\\\/et\\\/uudised\\\/pintsel-pihku-varskenda-terrassi-aiamooblit-ja-muid-puitehitisi\\\/#breadcrumb\",\"itemListElement\":[{\"@type\":\"ListItem\",\"position\":1,\"name\":\"Home\",\"item\":\"https:\\\/\\\/holzprof.ee\\\/et\\\/\"},{\"@type\":\"ListItem\",\"position\":2,\"name\":\"Pintsel pihku! V\u00e4rskenda terrassi, aiam\u00f6\u00f6blit ja muid puitehitisi\"}]},{\"@type\":\"WebSite\",\"@id\":\"https:\\\/\\\/holzprof.ee\\\/et\\\/#website\",\"url\":\"https:\\\/\\\/holzprof.ee\\\/et\\\/\",\"name\":\"Holz Prof O\u00dc\",\"description\":\"\",\"publisher\":{\"@id\":\"https:\\\/\\\/holzprof.ee\\\/et\\\/#organization\"},\"potentialAction\":[{\"@type\":\"SearchAction\",\"target\":{\"@type\":\"EntryPoint\",\"urlTemplate\":\"https:\\\/\\\/holzprof.ee\\\/et\\\/?s={search_term_string}\"},\"query-input\":{\"@type\":\"PropertyValueSpecification\",\"valueRequired\":true,\"valueName\":\"search_term_string\"}}],\"inLanguage\":\"et\"},{\"@type\":\"Organization\",\"@id\":\"https:\\\/\\\/holzprof.ee\\\/et\\\/#organization\",\"name\":\"Holz Prof O\u00dc\",\"url\":\"https:\\\/\\\/holzprof.ee\\\/et\\\/\",\"logo\":{\"@type\":\"ImageObject\",\"inLanguage\":\"et\",\"@id\":\"https:\\\/\\\/holzprof.ee\\\/et\\\/#\\\/schema\\\/logo\\\/image\\\/\",\"url\":\"https:\\\/\\\/holzprof.ee\\\/wp-content\\\/uploads\\\/holzprof.svg\",\"contentUrl\":\"https:\\\/\\\/holzprof.ee\\\/wp-content\\\/uploads\\\/holzprof.svg\",\"width\":1,\"height\":1,\"caption\":\"Holz Prof O\u00dc\"},\"image\":{\"@id\":\"https:\\\/\\\/holzprof.ee\\\/et\\\/#\\\/schema\\\/logo\\\/image\\\/\"},\"sameAs\":[\"http:\\\/\\\/www.facebook.com\\\/holzprof.ee\",\"https:\\\/\\\/x.com\\\/Holzprof\",\"http:\\\/\\\/www.instagram.com\\\/holzprof.ee\\\/\",\"http:\\\/\\\/www.pinterest.com\\\/holzprof\\\/\",\"http:\\\/\\\/www.youtube.com\\\/channel\\\/UC_ZF2B6Qho67io31S7-P_9w\"]},{\"@type\":\"Person\",\"@id\":\"https:\\\/\\\/holzprof.ee\\\/et\\\/#\\\/schema\\\/person\\\/172df38418d83a0d7516e9a1cd7ffab5\",\"name\":\"admin\",\"image\":{\"@type\":\"ImageObject\",\"inLanguage\":\"et\",\"@id\":\"https:\\\/\\\/secure.gravatar.com\\\/avatar\\\/d76c7a07d8f02578699af338af90439ae4f84fd23b2f0a73b1f3ab18ab5b6068?s=96&d=mm&r=g\",\"url\":\"https:\\\/\\\/secure.gravatar.com\\\/avatar\\\/d76c7a07d8f02578699af338af90439ae4f84fd23b2f0a73b1f3ab18ab5b6068?s=96&d=mm&r=g\",\"contentUrl\":\"https:\\\/\\\/secure.gravatar.com\\\/avatar\\\/d76c7a07d8f02578699af338af90439ae4f84fd23b2f0a73b1f3ab18ab5b6068?s=96&d=mm&r=g\",\"caption\":\"admin\"}}]}<\/script>\n<!-- \/ Yoast SEO plugin. -->","yoast_head_json":{"title":"Pintsel pihku! V\u00e4rskenda terrassi, aiam\u00f6\u00f6blit ja muid puitehitisi","description":"Eelista keskkonnas\u00f5bralikke puidukaitsevahendeid Holz Prof O\u00dc-lt. Kui soovid s\u00e4ilitada puidust terrassi v\u00f5i ajam\u00f6\u00f6bli ilu ja funktsionaalsuse, on vaja","robots":{"index":"index","follow":"follow","max-snippet":"max-snippet:-1","max-image-preview":"max-image-preview:large","max-video-preview":"max-video-preview:-1"},"canonical":"https:\/\/holzprof.ee\/et\/uudised\/pintsel-pihku-varskenda-terrassi-aiamooblit-ja-muid-puitehitisi\/","og_locale":"et_EE","og_type":"article","og_title":"Pintsel pihku! V\u00e4rskenda terrassi, aiam\u00f6\u00f6blit ja muid puitehitisi","og_description":"Eelista keskkonnas\u00f5bralikke puidukaitsevahendeid Holz Prof O\u00dc-lt. Kui soovid s\u00e4ilitada puidust terrassi v\u00f5i ajam\u00f6\u00f6bli ilu ja funktsionaalsuse, on vaja","og_url":"https:\/\/holzprof.ee\/et\/uudised\/pintsel-pihku-varskenda-terrassi-aiamooblit-ja-muid-puitehitisi\/","og_site_name":"Holz Prof O\u00dc","article_publisher":"http:\/\/www.facebook.com\/holzprof.ee","article_published_time":"2024-04-08T11:11:44+00:00","article_modified_time":"2024-04-08T11:13:37+00:00","og_image":[{"width":1000,"height":670,"url":"https:\/\/holzprof.ee\/wp-content\/uploads\/pintsel-pihku.jpg","type":"image\/jpeg"}],"author":"admin","twitter_misc":{"Written by":"admin","Est. reading time":"3 minutit"},"schema":{"@context":"https:\/\/schema.org","@graph":[{"@type":"Article","@id":"https:\/\/holzprof.ee\/et\/uudised\/pintsel-pihku-varskenda-terrassi-aiamooblit-ja-muid-puitehitisi\/#article","isPartOf":{"@id":"https:\/\/holzprof.ee\/et\/uudised\/pintsel-pihku-varskenda-terrassi-aiamooblit-ja-muid-puitehitisi\/"},"author":{"name":"admin","@id":"https:\/\/holzprof.ee\/et\/#\/schema\/person\/172df38418d83a0d7516e9a1cd7ffab5"},"headline":"Pintsel pihku! V\u00e4rskenda terrassi, aiam\u00f6\u00f6blit ja muid puitehitisi","datePublished":"2024-04-08T11:11:44+00:00","dateModified":"2024-04-08T11:13:37+00:00","mainEntityOfPage":{"@id":"https:\/\/holzprof.ee\/et\/uudised\/pintsel-pihku-varskenda-terrassi-aiamooblit-ja-muid-puitehitisi\/"},"wordCount":569,"commentCount":0,"publisher":{"@id":"https:\/\/holzprof.ee\/et\/#organization"},"image":{"@id":"https:\/\/holzprof.ee\/et\/uudised\/pintsel-pihku-varskenda-terrassi-aiamooblit-ja-muid-puitehitisi\/#primaryimage"},"thumbnailUrl":"https:\/\/holzprof.ee\/wp-content\/uploads\/pintsel-pihku.jpg","articleSection":["Uudised"],"inLanguage":"et","potentialAction":[{"@type":"CommentAction","name":"Comment","target":["https:\/\/holzprof.ee\/et\/uudised\/pintsel-pihku-varskenda-terrassi-aiamooblit-ja-muid-puitehitisi\/#respond"]}]},{"@type":"WebPage","@id":"https:\/\/holzprof.ee\/et\/uudised\/pintsel-pihku-varskenda-terrassi-aiamooblit-ja-muid-puitehitisi\/","url":"https:\/\/holzprof.ee\/et\/uudised\/pintsel-pihku-varskenda-terrassi-aiamooblit-ja-muid-puitehitisi\/","name":"Pintsel pihku! V\u00e4rskenda terrassi, aiam\u00f6\u00f6blit ja muid puitehitisi","isPartOf":{"@id":"https:\/\/holzprof.ee\/et\/#website"},"primaryImageOfPage":{"@id":"https:\/\/holzprof.ee\/et\/uudised\/pintsel-pihku-varskenda-terrassi-aiamooblit-ja-muid-puitehitisi\/#primaryimage"},"image":{"@id":"https:\/\/holzprof.ee\/et\/uudised\/pintsel-pihku-varskenda-terrassi-aiamooblit-ja-muid-puitehitisi\/#primaryimage"},"thumbnailUrl":"https:\/\/holzprof.ee\/wp-content\/uploads\/pintsel-pihku.jpg","datePublished":"2024-04-08T11:11:44+00:00","dateModified":"2024-04-08T11:13:37+00:00","description":"Eelista keskkonnas\u00f5bralikke puidukaitsevahendeid Holz Prof O\u00dc-lt. Kui soovid s\u00e4ilitada puidust terrassi v\u00f5i ajam\u00f6\u00f6bli ilu ja funktsionaalsuse, on vaja","breadcrumb":{"@id":"https:\/\/holzprof.ee\/et\/uudised\/pintsel-pihku-varskenda-terrassi-aiamooblit-ja-muid-puitehitisi\/#breadcrumb"},"inLanguage":"et","potentialAction":[{"@type":"ReadAction","target":["https:\/\/holzprof.ee\/et\/uudised\/pintsel-pihku-varskenda-terrassi-aiamooblit-ja-muid-puitehitisi\/"]}]},{"@type":"ImageObject","inLanguage":"et","@id":"https:\/\/holzprof.ee\/et\/uudised\/pintsel-pihku-varskenda-terrassi-aiamooblit-ja-muid-puitehitisi\/#primaryimage","url":"https:\/\/holzprof.ee\/wp-content\/uploads\/pintsel-pihku.jpg","contentUrl":"https:\/\/holzprof.ee\/wp-content\/uploads\/pintsel-pihku.jpg","width":1000,"height":670,"caption":"Pintsel pihku"},{"@type":"BreadcrumbList","@id":"https:\/\/holzprof.ee\/et\/uudised\/pintsel-pihku-varskenda-terrassi-aiamooblit-ja-muid-puitehitisi\/#breadcrumb","itemListElement":[{"@type":"ListItem","position":1,"name":"Home","item":"https:\/\/holzprof.ee\/et\/"},{"@type":"ListItem","position":2,"name":"Pintsel pihku! V\u00e4rskenda terrassi, aiam\u00f6\u00f6blit ja muid puitehitisi"}]},{"@type":"WebSite","@id":"https:\/\/holzprof.ee\/et\/#website","url":"https:\/\/holzprof.ee\/et\/","name":"Holz Prof O\u00dc","description":"","publisher":{"@id":"https:\/\/holzprof.ee\/et\/#organization"},"potentialAction":[{"@type":"SearchAction","target":{"@type":"EntryPoint","urlTemplate":"https:\/\/holzprof.ee\/et\/?s={search_term_string}"},"query-input":{"@type":"PropertyValueSpecification","valueRequired":true,"valueName":"search_term_string"}}],"inLanguage":"et"},{"@type":"Organization","@id":"https:\/\/holzprof.ee\/et\/#organization","name":"Holz Prof O\u00dc","url":"https:\/\/holzprof.ee\/et\/","logo":{"@type":"ImageObject","inLanguage":"et","@id":"https:\/\/holzprof.ee\/et\/#\/schema\/logo\/image\/","url":"https:\/\/holzprof.ee\/wp-content\/uploads\/holzprof.svg","contentUrl":"https:\/\/holzprof.ee\/wp-content\/uploads\/holzprof.svg","width":1,"height":1,"caption":"Holz Prof O\u00dc"},"image":{"@id":"https:\/\/holzprof.ee\/et\/#\/schema\/logo\/image\/"},"sameAs":["http:\/\/www.facebook.com\/holzprof.ee","https:\/\/x.com\/Holzprof","http:\/\/www.instagram.com\/holzprof.ee\/","http:\/\/www.pinterest.com\/holzprof\/","http:\/\/www.youtube.com\/channel\/UC_ZF2B6Qho67io31S7-P_9w"]},{"@type":"Person","@id":"https:\/\/holzprof.ee\/et\/#\/schema\/person\/172df38418d83a0d7516e9a1cd7ffab5","name":"admin","image":{"@type":"ImageObject","inLanguage":"et","@id":"https:\/\/secure.gravatar.com\/avatar\/d76c7a07d8f02578699af338af90439ae4f84fd23b2f0a73b1f3ab18ab5b6068?s=96&d=mm&r=g","url":"https:\/\/secure.gravatar.com\/avatar\/d76c7a07d8f02578699af338af90439ae4f84fd23b2f0a73b1f3ab18ab5b6068?s=96&d=mm&r=g","contentUrl":"https:\/\/secure.gravatar.com\/avatar\/d76c7a07d8f02578699af338af90439ae4f84fd23b2f0a73b1f3ab18ab5b6068?s=96&d=mm&r=g","caption":"admin"}}]}},"_links":{"self":[{"href":"https:\/\/holzprof.ee\/et\/wp-json\/wp\/v2\/posts\/2200","targetHints":{"allow":["GET"]}}],"collection":[{"href":"https:\/\/holzprof.ee\/et\/wp-json\/wp\/v2\/posts"}],"about":[{"href":"https:\/\/holzprof.ee\/et\/wp-json\/wp\/v2\/types\/post"}],"author":[{"embeddable":true,"href":"https:\/\/holzprof.ee\/et\/wp-json\/wp\/v2\/users\/1"}],"replies":[{"embeddable":true,"href":"https:\/\/holzprof.ee\/et\/wp-json\/wp\/v2\/comments?post=2200"}],"version-history":[{"count":2,"href":"https:\/\/holzprof.ee\/et\/wp-json\/wp\/v2\/posts\/2200\/revisions"}],"predecessor-version":[{"id":2207,"href":"https:\/\/holzprof.ee\/et\/wp-json\/wp\/v2\/posts\/2200\/revisions\/2207"}],"wp:featuredmedia":[{"embeddable":true,"href":"https:\/\/holzprof.ee\/et\/wp-json\/wp\/v2\/media\/2201"}],"wp:attachment":[{"href":"https:\/\/holzprof.ee\/et\/wp-json\/wp\/v2\/media?parent=2200"}],"wp:term":[{"taxonomy":"category","embeddable":true,"href":"https:\/\/holzprof.ee\/et\/wp-json\/wp\/v2\/categories?post=2200"},{"taxonomy":"post_tag","embeddable":true,"href":"https:\/\/holzprof.ee\/et\/wp-json\/wp\/v2\/tags?post=2200"}],"curies":[{"name":"wp","href":"https:\/\/api.w.org\/{rel}","templated":true}]}}